{"id":201,"date":"2012-02-27T19:16:35","date_gmt":"2012-02-27T19:16:35","guid":{"rendered":"https:\/\/montacargasventayrenta.com\/?p=201"},"modified":"2017-01-16T20:41:02","modified_gmt":"2017-01-16T20:41:02","slug":"elevadores-personales-jlg","status":"publish","type":"post","link":"https:\/\/optimizacion-online.info\/mtr\/elevadores-personales-jlg\/","title":{"rendered":"Elevadores Personales JLG"},"content":{"rendered":"<p>Los elevadores personales verticales de JLG son las plataformas de trabajo a\u00e9reas m\u00e1s peque\u00f1as de toda la gama. Est\u00e1n pensados para satisfacer\u00a0las necesidades de aplicaciones donde el espacio es reducido y la carga del suelo es limitada.<\/p>\n<p>Los elevadores est\u00e1n dise\u00f1ados para ocupar el m\u00ednimo espacio y se pueden montar r\u00e1pidamente para no perder tiempo y empezar a trabajar cuanto antes.<\/p>\n<p>Los elevadores personales constan de una plataforma de trabajo acoplada a un m\u00e1stil de aluminio que se extiende verticalmente. Las plataformas pueden variar en tama\u00f1o y capacidad, pero todas ellas transportan a una persona (algunos modelos a dos) con complementos opcionales para transportar herramientas y materiales con facilidad.<\/p>\n<p>Hay tres tipos de elevadores personales verticales disponibles: elevadores verticales de empuje manual, elevadores verticales autopropulsados y elevadores verticales autopropulsados para recogida de materiales.<\/p>\n<p>[wptabsy]<br \/>\n[tab]JLG Elevadores Personales[\/tab]<br \/>\n[tab]Contacto[\/tab]<\/p>\n<p>[tabcontent]<br \/>\n[ngg_images gallery_ids=&#8221;79&#8243; display_type=&#8221;photocrati-nextgen_basic_thumbnails&#8221; gallery_width=&#8221;600&#8243; gallery_height=&#8221;400&#8243; show_slideshow_link=&#8221;0&#8243;]<br \/>\n[\/tabcontent]<br \/>\n[tabcontent]<br \/>\n<strong>Por favor utiliza la siguiente forma para solicitar mas informaci\u00f3n de este equipo:<\/strong><br \/>\n[contact-form-7 id=&#8221;304&#8243; title=&#8221;Montacargas Nuevos&#8221;][\/tabcontent]<br \/>\n[\/wptabsy]<\/p>\n","protected":false},"excerpt":{"rendered":"<p>Los elevadores personales verticales de JLG son las plataformas de trabajo a\u00e9reas m\u00e1s peque\u00f1as de toda la gama. Est\u00e1n pensados para satisfacer las necesidades de aplicaciones donde el espacio es reducido y la carga del suelo es limitada.<\/p>\n<p>Los elevadores est\u00e1n dise\u00f1ados para ocupar el m\u00ednimo espacio y se pueden montar r\u00e1pidamente para no perder tiempo y empezar a trabajar cuanto antes.<\/p>\n","protected":false},"author":4,"featured_media":2933,"comment_status":"closed","ping_status":"closed","sticky":false,"template":"","format":"standard","meta":{"footnotes":""},"categories":[104,173],"tags":[95,93,94,135],"class_list":["post-201","post","type-post","status-publish","format-standard","has-post-thumbnail","hentry","category-jlg","category-jlg-mexico","tag-elevadores","tag-elevadores-electricos","tag-elevadores-personales-2","tag-jlg"],"_links":{"self":[{"href":"https:\/\/optimizacion-online.info\/mtr\/wp-json\/wp\/v2\/posts\/201","targetHints":{"allow":["GET"]}}],"collection":[{"href":"https:\/\/optimizacion-online.info\/mtr\/wp-json\/wp\/v2\/posts"}],"about":[{"href":"https:\/\/optimizacion-online.info\/mtr\/wp-json\/wp\/v2\/types\/post"}],"author":[{"embeddable":true,"href":"https:\/\/optimizacion-online.info\/mtr\/wp-json\/wp\/v2\/users\/4"}],"replies":[{"embeddable":true,"href":"https:\/\/optimizacion-online.info\/mtr\/wp-json\/wp\/v2\/comments?post=201"}],"version-history":[{"count":0,"href":"https:\/\/optimizacion-online.info\/mtr\/wp-json\/wp\/v2\/posts\/201\/revisions"}],"wp:featuredmedia":[{"embeddable":true,"href":"https:\/\/optimizacion-online.info\/mtr\/wp-json\/wp\/v2\/media\/2933"}],"wp:attachment":[{"href":"https:\/\/optimizacion-online.info\/mtr\/wp-json\/wp\/v2\/media?parent=201"}],"wp:term":[{"taxonomy":"category","embeddable":true,"href":"https:\/\/optimizacion-online.info\/mtr\/wp-json\/wp\/v2\/categories?post=201"},{"taxonomy":"post_tag","embeddable":true,"href":"https:\/\/optimizacion-online.info\/mtr\/wp-json\/wp\/v2\/tags?post=201"}],"curies":[{"name":"wp","href":"https:\/\/api.w.org\/{rel}","templated":true}]}}